{"id":203,"date":"2024-11-30T15:23:42","date_gmt":"2024-11-30T20:23:42","guid":{"rendered":"https:\/\/artspace.thecreativeschool.torontomu.ca\/?p=203"},"modified":"2025-10-27T08:50:07","modified_gmt":"2025-10-27T12:50:07","slug":"black-belts-on-bach-ma-mountain","status":"publish","type":"post","link":"https:\/\/artspace.thecreativeschool.torontomu.ca\/?p=203","title":{"rendered":"Black Belts on Bach Ma Mountain"},"content":{"rendered":"\n<div class=\"wp-block-cover alignfull\" style=\"min-height:1046px;aspect-ratio:unset;\"><img loading=\"lazy\" decoding=\"async\" width=\"1728\" height=\"1152\" class=\"wp-block-cover__image-background wp-image-134 size-full\" alt=\"\" src=\"https:\/\/artspace.thecreativeschool.torontomu.ca\/wp-content\/uploads\/2025\/07\/IMG_219272dpi.jpg\" style=\"object-position:50% 50%\" data-object-fit=\"cover\" data-object-position=\"50% 50%\" srcset=\"https:\/\/artspace.thecreativeschool.torontomu.ca\/wp-content\/uploads\/2025\/07\/IMG_219272dpi.jpg 1728w, https:\/\/artspace.thecreativeschool.torontomu.ca\/wp-content\/uploads\/2025\/07\/IMG_219272dpi-300x200.jpg 300w, https:\/\/artspace.thecreativeschool.torontomu.ca\/wp-content\/uploads\/2025\/07\/IMG_219272dpi-1024x683.jpg 1024w, https:\/\/artspace.thecreativeschool.torontomu.ca\/wp-content\/uploads\/2025\/07\/IMG_219272dpi-768x512.jpg 768w, https:\/\/artspace.thecreativeschool.torontomu.ca\/wp-content\/uploads\/2025\/07\/IMG_219272dpi-1536x1024.jpg 1536w\" sizes=\"auto, (max-width: 1728px) 100vw, 1728px\" \/><span aria-hidden=\"true\" class=\"wp-block-cover__background has-background-dim-20 has-background-dim\" style=\"background-color:#717c7b\"><\/span><div class=\"wp-block-cover__inner-container is-layout-flow wp-block-cover-is-layout-flow\">\n<div class=\"wp-block-group is-nowrap is-layout-flex wp-container-core-group-is-layout-ad2f72ca wp-block-group-is-layout-flex\">\n<div style=\"height:100px;width:0px\" aria-hidden=\"true\" class=\"wp-block-spacer wp-container-content-6388d5dc\"><\/div>\n\n\n\n<div class=\"wp-block-group\"><div class=\"wp-block-group__inner-container is-layout-constrained wp-block-group-is-layout-constrained\">\n<h1 class=\"wp-block-heading has-text-align-left\" style=\"font-size:60px\"><strong><strong>Black Belts on<\/strong><\/strong><br><strong><strong>Bach Ma Mountain<\/strong><\/strong><\/h1>\n\n\n\n<h1 class=\"wp-block-heading\">\u0110ai \u0110en tr\u00ean N\u00fai B\u1ea1ch M\u00e3<\/h1>\n\n\n\n<h2 class=\"wp-block-heading\"><strong><em><strong>Tr\u00e2m Anh Nguy\u1ec5n<\/strong><\/em><\/strong><\/h2>\n<\/div><\/div>\n\n\n\n<div style=\"height:100px;width:654px\" aria-hidden=\"true\" class=\"wp-block-spacer wp-container-content-c695a240\"><\/div>\n\n\n\n<div class=\"wp-block-group is-vertical is-content-justification-right is-layout-flex wp-container-core-group-is-layout-b6c475e2 wp-block-group-is-layout-flex\">\n<h3 class=\"wp-block-heading has-text-align-right\">September 23rd &#8211; November 2nd, 2024<\/h3>\n\n\n\n<h3 class=\"wp-block-heading has-text-align-right\">Opening Reception: October 3rd, 2024, 6-9PM<\/h3>\n<\/div>\n<\/div>\n<\/div><\/div>\n\n\n\n<div style=\"height:100px\" aria-hidden=\"true\" class=\"wp-block-spacer\"><\/div>\n\n\n\n<div class=\"wp-block-media-text has-media-on-the-right is-stacked-on-mobile\"><div class=\"wp-block-media-text__content\">\n<p><em>\u201cFor a colonized people the most essential value, because the most concrete, is first and foremost the land: the land which will bring them bread and, above all, dignity\u201d (<\/em>Frantz Fanon,<em> The Wretched of the Earth).<\/em><\/p>\n\n\n\n<p>Tr\u00e2m Anh Nguy\u1ec5n\u2019s solo show, <strong>Black Belts on Bach Ma Mountain (\u0110ai \u0110en tr\u00ean N\u00fai B\u1ea1ch M\u00e3)<\/strong>, lenses the B\u1ea1ch M\u00e3 mountains that have long stood as a symbol of Vietnam\u2019s rich biodiversity and the country\u2019s historical significance. Once a French colonial retreat, the mountains later became a battleground during the wars for independence and against American colonial forces. The land still bears the scars of bombings and chemical defoliants, with both people and the environment suffering long-term effects. Yet, B\u1ea1ch M\u00e3 remains a powerful symbol of restoration. In 2022, Nguy\u1ec5n joined and documented 280 Karate-do students on a 3-day trek to the summit, led by Master Nguy\u1ec5n V\u0103n D\u0169ng, marking his final journey with the group. The students not only tested their endurance but also deepened their connection to the earth, honoring the land\u2019s legacy of resistance and renewal. Nguy\u1ec5n\u2019s documentation of the students\u2019 journey highlights B\u1ea1ch M\u00e3\u2019s legacy as both a memorial to those lost in Vietnam\u2019s struggles and a reminder of the collective responsibility to nurture the planet.<\/p>\n\n\n\n<p><em>\u201cJoanna Macy writes that until we can grieve for our planet we cannot love it\u2014grieving is a sign of spiritual health. But it is not enough to weep for our lost landscapes; we have to put our hands in the earth to make ourselves whole again. Even a wounded world is feeding us. Even a wounded world holds us, giving us moments of wonder and joy. I choose joy over despair. Not because I have my head in the sand, but because joy is what the earth gives me daily and I must return the gift\u201d (<\/em>Robin Wall Kimmerer<em>, Braiding Sweetgrass).<\/em><\/p>\n<\/div><figure class=\"wp-block-media-text__media\"><img loading=\"lazy\" decoding=\"async\" width=\"1024\" height=\"1024\" src=\"https:\/\/artspace.thecreativeschool.torontomu.ca\/wp-content\/uploads\/2025\/07\/BlackBelts-IGPost-1024x1024.webp\" alt=\"\" class=\"wp-image-124 size-full\" srcset=\"https:\/\/artspace.thecreativeschool.torontomu.ca\/wp-content\/uploads\/2025\/07\/BlackBelts-IGPost-1024x1024.webp 1024w, https:\/\/artspace.thecreativeschool.torontomu.ca\/wp-content\/uploads\/2025\/07\/BlackBelts-IGPost-300x300.webp 300w, https:\/\/artspace.thecreativeschool.torontomu.ca\/wp-content\/uploads\/2025\/07\/BlackBelts-IGPost-150x150.webp 150w, https:\/\/artspace.thecreativeschool.torontomu.ca\/wp-content\/uploads\/2025\/07\/BlackBelts-IGPost-768x768.webp 768w, https:\/\/artspace.thecreativeschool.torontomu.ca\/wp-content\/uploads\/2025\/07\/BlackBelts-IGPost.webp 1080w\" sizes=\"auto, (max-width: 1024px) 100vw, 1024px\" \/><\/figure><\/div>\n\n\n\n<div style=\"height:100px\" aria-hidden=\"true\" class=\"wp-block-spacer\"><\/div>\n\n\n\n<div class=\"wp-block-media-text is-stacked-on-mobile\"><figure class=\"wp-block-media-text__media\"><img loading=\"lazy\" decoding=\"async\" width=\"1024\" height=\"1024\" src=\"https:\/\/artspace.thecreativeschool.torontomu.ca\/wp-content\/uploads\/2025\/07\/headshotTramAnh-1024x1024.webp\" alt=\"\" class=\"wp-image-133 size-full\" srcset=\"https:\/\/artspace.thecreativeschool.torontomu.ca\/wp-content\/uploads\/2025\/07\/headshotTramAnh-1024x1024.webp 1024w, https:\/\/artspace.thecreativeschool.torontomu.ca\/wp-content\/uploads\/2025\/07\/headshotTramAnh-300x300.webp 300w, https:\/\/artspace.thecreativeschool.torontomu.ca\/wp-content\/uploads\/2025\/07\/headshotTramAnh-150x150.webp 150w, https:\/\/artspace.thecreativeschool.torontomu.ca\/wp-content\/uploads\/2025\/07\/headshotTramAnh-768x768.webp 768w, https:\/\/artspace.thecreativeschool.torontomu.ca\/wp-content\/uploads\/2025\/07\/headshotTramAnh.webp 1500w\" sizes=\"auto, (max-width: 1024px) 100vw, 1024px\" \/><\/figure><div class=\"wp-block-media-text__content\">\n<p>Tr\u00e2m Anh Nguy\u1ec5n (he\/him) is an interdisciplinary artist specializing in filmmaking and photography based in Vietnam and Canada. Binding documentation &amp; storytelling across mediums, his work aims to look with a softened gaze, revealing universal themes woven together of tenderness, longing, hope, gentleness, resilience, and memory. He wishes to continue in creating more projects that reflect on the intricate politics of gender &amp; culture, and exploring his queer-trans identity in interconnection with his Vietnamese roots. His first solo exhibition <em>Hoa<\/em> (2022) was a multi-media installation of a short film and a poem honoring his b\u00e0 n\u1ed9i (paternal grandmother) who was gradually losing her memory. He\u2019s participated in various group exhibitions; one recently was <em>Nh\u00e0 (Home)<\/em> in 2024 at Manzi Art Space in Hanoi, with his short film <em>Th\u00e2n Th\u1ec3 R\u1eebng Thi\u00eang (Landscape of Our Body)<\/em>, being a meditation on queerness, ecology, and ancestral healing in relation to the collective trauma of the Vietnamese diaspora. His short films have been in local and international film festivals and screenings such as TIFF Next Wave, Pleasure Dome, TATE x Otherness Archive, and InsideOut Film Festival.<\/p>\n<\/div><\/div>\n\n\n\n<div style=\"height:100px\" aria-hidden=\"true\" class=\"wp-block-spacer\"><\/div>\n\n\n\n<div class=\"wp-block-wpbbe-simple-scroller wpbbe-simple-scroller nativeScroll wpbbe-5\">\n<div class=\"wp-block-group is-content-justification-space-between is-nowrap is-layout-flex wp-container-core-group-is-layout-0dfbf163 wp-block-group-is-layout-flex\"><div class=\"wpbbe-svg-icon wpbbe-1 nsArrow nsLeftArrow wp-block-wpbbe-simple-scroller-arrow-left wpbbe__flex-item-prevent-shrinking\"><button class=\"svg-wrapper\"  type=\"button\" aria-label=\"Previous\"><svg focusable=\"false\"\n\t\txmlns=\"http:\/\/www.w3.org\/2000\/svg\"\n\t\twidth=\"68\"\n\t\theight=\"68\"\n\t\tfill=\"#000000\"\n\t\tviewBox=\"0 0 256 256\"\n\t>\n\t\t<path d=\"M168.49,199.51a12,12,0,0,1-17,17l-80-80a12,12,0,0,1,0-17l80-80a12,12,0,0,1,17,17L97,128Z\"><\/path>\n\t<\/svg><\/button><\/div>\n\n<div tabindex=\"0\" class=\"nsContent wpbbe-2 wp-block-wpbbe-simple-scroller-content wp-container-content-9cfa9a5a\">\n\n<figure class=\"wp-block-image size-large\"><img loading=\"lazy\" decoding=\"async\" width=\"1024\" height=\"683\" src=\"https:\/\/artspace.thecreativeschool.torontomu.ca\/wp-content\/uploads\/2025\/07\/DSCF5752-1024x683.webp\" alt=\"\" class=\"wp-image-127\" srcset=\"https:\/\/artspace.thecreativeschool.torontomu.ca\/wp-content\/uploads\/2025\/07\/DSCF5752-1024x683.webp 1024w, https:\/\/artspace.thecreativeschool.torontomu.ca\/wp-content\/uploads\/2025\/07\/DSCF5752-300x200.webp 300w, https:\/\/artspace.thecreativeschool.torontomu.ca\/wp-content\/uploads\/2025\/07\/DSCF5752-768x512.webp 768w, https:\/\/artspace.thecreativeschool.torontomu.ca\/wp-content\/uploads\/2025\/07\/DSCF5752-1536x1024.webp 1536w, https:\/\/artspace.thecreativeschool.torontomu.ca\/wp-content\/uploads\/2025\/07\/DSCF5752-2048x1366.webp 2048w\" sizes=\"auto, (max-width: 1024px) 100vw, 1024px\" \/><\/figure>\n\n\n\n<figure class=\"wp-block-image size-large\"><img loading=\"lazy\" decoding=\"async\" width=\"1024\" height=\"683\" src=\"https:\/\/artspace.thecreativeschool.torontomu.ca\/wp-content\/uploads\/2025\/07\/DSCF5773-1024x683.webp\" alt=\"\" class=\"wp-image-132\" srcset=\"https:\/\/artspace.thecreativeschool.torontomu.ca\/wp-content\/uploads\/2025\/07\/DSCF5773-1024x683.webp 1024w, https:\/\/artspace.thecreativeschool.torontomu.ca\/wp-content\/uploads\/2025\/07\/DSCF5773-300x200.webp 300w, https:\/\/artspace.thecreativeschool.torontomu.ca\/wp-content\/uploads\/2025\/07\/DSCF5773-768x512.webp 768w, https:\/\/artspace.thecreativeschool.torontomu.ca\/wp-content\/uploads\/2025\/07\/DSCF5773-1536x1024.webp 1536w, https:\/\/artspace.thecreativeschool.torontomu.ca\/wp-content\/uploads\/2025\/07\/DSCF5773-2048x1366.webp 2048w\" sizes=\"auto, (max-width: 1024px) 100vw, 1024px\" \/><\/figure>\n\n\n\n<figure class=\"wp-block-image size-large\"><img loading=\"lazy\" decoding=\"async\" width=\"1024\" height=\"683\" src=\"https:\/\/artspace.thecreativeschool.torontomu.ca\/wp-content\/uploads\/2025\/07\/DSCF5772-1024x683.webp\" alt=\"\" class=\"wp-image-131\" srcset=\"https:\/\/artspace.thecreativeschool.torontomu.ca\/wp-content\/uploads\/2025\/07\/DSCF5772-1024x683.webp 1024w, https:\/\/artspace.thecreativeschool.torontomu.ca\/wp-content\/uploads\/2025\/07\/DSCF5772-300x200.webp 300w, https:\/\/artspace.thecreativeschool.torontomu.ca\/wp-content\/uploads\/2025\/07\/DSCF5772-768x512.webp 768w, https:\/\/artspace.thecreativeschool.torontomu.ca\/wp-content\/uploads\/2025\/07\/DSCF5772-1536x1024.webp 1536w, https:\/\/artspace.thecreativeschool.torontomu.ca\/wp-content\/uploads\/2025\/07\/DSCF5772-2048x1366.webp 2048w\" sizes=\"auto, (max-width: 1024px) 100vw, 1024px\" \/><\/figure>\n\n\n\n<figure class=\"wp-block-image size-large\"><img loading=\"lazy\" decoding=\"async\" width=\"1024\" height=\"683\" src=\"https:\/\/artspace.thecreativeschool.torontomu.ca\/wp-content\/uploads\/2025\/07\/DSCF5763-1024x683.webp\" alt=\"\" class=\"wp-image-130\" srcset=\"https:\/\/artspace.thecreativeschool.torontomu.ca\/wp-content\/uploads\/2025\/07\/DSCF5763-1024x683.webp 1024w, https:\/\/artspace.thecreativeschool.torontomu.ca\/wp-content\/uploads\/2025\/07\/DSCF5763-300x200.webp 300w, https:\/\/artspace.thecreativeschool.torontomu.ca\/wp-content\/uploads\/2025\/07\/DSCF5763-768x512.webp 768w, https:\/\/artspace.thecreativeschool.torontomu.ca\/wp-content\/uploads\/2025\/07\/DSCF5763-1536x1024.webp 1536w, https:\/\/artspace.thecreativeschool.torontomu.ca\/wp-content\/uploads\/2025\/07\/DSCF5763-2048x1366.webp 2048w\" sizes=\"auto, (max-width: 1024px) 100vw, 1024px\" \/><\/figure>\n\n\n\n<figure class=\"wp-block-image size-large\"><img loading=\"lazy\" decoding=\"async\" width=\"1024\" height=\"683\" src=\"https:\/\/artspace.thecreativeschool.torontomu.ca\/wp-content\/uploads\/2025\/07\/DSCF5749-1024x683.webp\" alt=\"\" class=\"wp-image-126\" srcset=\"https:\/\/artspace.thecreativeschool.torontomu.ca\/wp-content\/uploads\/2025\/07\/DSCF5749-1024x683.webp 1024w, https:\/\/artspace.thecreativeschool.torontomu.ca\/wp-content\/uploads\/2025\/07\/DSCF5749-300x200.webp 300w, https:\/\/artspace.thecreativeschool.torontomu.ca\/wp-content\/uploads\/2025\/07\/DSCF5749-768x512.webp 768w, https:\/\/artspace.thecreativeschool.torontomu.ca\/wp-content\/uploads\/2025\/07\/DSCF5749-1536x1024.webp 1536w, https:\/\/artspace.thecreativeschool.torontomu.ca\/wp-content\/uploads\/2025\/07\/DSCF5749-2048x1366.webp 2048w\" sizes=\"auto, (max-width: 1024px) 100vw, 1024px\" \/><\/figure>\n\n\n\n<figure class=\"wp-block-image size-large\"><img loading=\"lazy\" decoding=\"async\" width=\"1024\" height=\"683\" src=\"https:\/\/artspace.thecreativeschool.torontomu.ca\/wp-content\/uploads\/2025\/07\/DSCF5744-1024x683.webp\" alt=\"\" class=\"wp-image-125\" srcset=\"https:\/\/artspace.thecreativeschool.torontomu.ca\/wp-content\/uploads\/2025\/07\/DSCF5744-1024x683.webp 1024w, https:\/\/artspace.thecreativeschool.torontomu.ca\/wp-content\/uploads\/2025\/07\/DSCF5744-300x200.webp 300w, https:\/\/artspace.thecreativeschool.torontomu.ca\/wp-content\/uploads\/2025\/07\/DSCF5744-768x512.webp 768w, https:\/\/artspace.thecreativeschool.torontomu.ca\/wp-content\/uploads\/2025\/07\/DSCF5744-1536x1024.webp 1536w, https:\/\/artspace.thecreativeschool.torontomu.ca\/wp-content\/uploads\/2025\/07\/DSCF5744-2048x1366.webp 2048w\" sizes=\"auto, (max-width: 1024px) 100vw, 1024px\" \/><\/figure>\n\n\n\n<figure class=\"wp-block-image size-large\"><img loading=\"lazy\" decoding=\"async\" width=\"1024\" height=\"683\" src=\"https:\/\/artspace.thecreativeschool.torontomu.ca\/wp-content\/uploads\/2025\/07\/DSCF5753-1024x683.webp\" alt=\"\" class=\"wp-image-128\" srcset=\"https:\/\/artspace.thecreativeschool.torontomu.ca\/wp-content\/uploads\/2025\/07\/DSCF5753-1024x683.webp 1024w, https:\/\/artspace.thecreativeschool.torontomu.ca\/wp-content\/uploads\/2025\/07\/DSCF5753-300x200.webp 300w, https:\/\/artspace.thecreativeschool.torontomu.ca\/wp-content\/uploads\/2025\/07\/DSCF5753-768x512.webp 768w, https:\/\/artspace.thecreativeschool.torontomu.ca\/wp-content\/uploads\/2025\/07\/DSCF5753-1536x1024.webp 1536w, https:\/\/artspace.thecreativeschool.torontomu.ca\/wp-content\/uploads\/2025\/07\/DSCF5753-2048x1366.webp 2048w\" sizes=\"auto, (max-width: 1024px) 100vw, 1024px\" \/><\/figure>\n\n\n\n<figure class=\"wp-block-image size-large\"><img loading=\"lazy\" decoding=\"async\" width=\"1024\" height=\"683\" src=\"https:\/\/artspace.thecreativeschool.torontomu.ca\/wp-content\/uploads\/2025\/07\/DSCF5754-1024x683.webp\" alt=\"\" class=\"wp-image-129\" srcset=\"https:\/\/artspace.thecreativeschool.torontomu.ca\/wp-content\/uploads\/2025\/07\/DSCF5754-1024x683.webp 1024w, https:\/\/artspace.thecreativeschool.torontomu.ca\/wp-content\/uploads\/2025\/07\/DSCF5754-300x200.webp 300w, https:\/\/artspace.thecreativeschool.torontomu.ca\/wp-content\/uploads\/2025\/07\/DSCF5754-768x512.webp 768w, https:\/\/artspace.thecreativeschool.torontomu.ca\/wp-content\/uploads\/2025\/07\/DSCF5754-1536x1024.webp 1536w, https:\/\/artspace.thecreativeschool.torontomu.ca\/wp-content\/uploads\/2025\/07\/DSCF5754-2048x1366.webp 2048w\" sizes=\"auto, (max-width: 1024px) 100vw, 1024px\" \/><\/figure>\n\n<\/div>\n\n<div class=\"wpbbe-svg-icon wpbbe-3 nsArrow nsRightArrow wp-block-wpbbe-simple-scroller-arrow-right wpbbe__flex-item-prevent-shrinking\"><button class=\"svg-wrapper\"  type=\"button\" aria-label=\"Next\"><svg focusable=\"false\"\n\t\txmlns=\"http:\/\/www.w3.org\/2000\/svg\"\n\t\twidth=\"68\"\n\t\theight=\"68\"\n\t\tfill=\"#000000\"\n\t\tviewBox=\"0 0 256 256\"\n\t>\n\t\t<path d=\"M184.49,136.49l-80,80a12,12,0,0,1-17-17L159,128,87.51,56.49a12,12,0,1,1,17-17l80,80A12,12,0,0,1,184.49,136.49Z\"><\/path>\n\t<\/svg><\/button><\/div><\/div>\n\n\n\t\t<div class=\"nsProgressTrackWrapper wpbbe-4 wp-block-wpbbe-simple-scroller-indicator\">\n\t\t\t<div class=\"nsProgressTrack\">\n\t\t\t\t<div class=\"nsProgressIndicator\"><\/div>\n\t\t\t<\/div>\n\t\t<\/div>\n\t\t<\/div>\n","protected":false},"excerpt":{"rendered":"<p>September 23rd &#8211; November 2nd, 2024<\/p>\n","protected":false},"author":4,"featured_media":124,"comment_status":"closed","ping_status":"closed","sticky":false,"template":"","format":"standard","meta":{"footnotes":""},"categories":[7],"tags":[],"post_folder":[18],"class_list":["post-203","post","type-post","status-publish","format-standard","has-post-thumbnail","hentry","category-recent-programs-2024","category-7","description-off"],"_links":{"self":[{"href":"https:\/\/artspace.thecreativeschool.torontomu.ca\/index.php?rest_route=\/wp\/v2\/posts\/203","targetHints":{"allow":["GET"]}}],"collection":[{"href":"https:\/\/artspace.thecreativeschool.torontomu.ca\/index.php?rest_route=\/wp\/v2\/posts"}],"about":[{"href":"https:\/\/artspace.thecreativeschool.torontomu.ca\/index.php?rest_route=\/wp\/v2\/types\/post"}],"author":[{"embeddable":true,"href":"https:\/\/artspace.thecreativeschool.torontomu.ca\/index.php?rest_route=\/wp\/v2\/users\/4"}],"replies":[{"embeddable":true,"href":"https:\/\/artspace.thecreativeschool.torontomu.ca\/index.php?rest_route=%2Fwp%2Fv2%2Fcomments&post=203"}],"version-history":[{"count":0,"href":"https:\/\/artspace.thecreativeschool.torontomu.ca\/index.php?rest_route=\/wp\/v2\/posts\/203\/revisions"}],"wp:featuredmedia":[{"embeddable":true,"href":"https:\/\/artspace.thecreativeschool.torontomu.ca\/index.php?rest_route=\/wp\/v2\/media\/124"}],"wp:attachment":[{"href":"https:\/\/artspace.thecreativeschool.torontomu.ca\/index.php?rest_route=%2Fwp%2Fv2%2Fmedia&parent=203"}],"wp:term":[{"taxonomy":"category","embeddable":true,"href":"https:\/\/artspace.thecreativeschool.torontomu.ca\/index.php?rest_route=%2Fwp%2Fv2%2Fcategories&post=203"},{"taxonomy":"post_tag","embeddable":true,"href":"https:\/\/artspace.thecreativeschool.torontomu.ca\/index.php?rest_route=%2Fwp%2Fv2%2Ftags&post=203"},{"taxonomy":"post_folder","embeddable":true,"href":"https:\/\/artspace.thecreativeschool.torontomu.ca\/index.php?rest_route=%2Fwp%2Fv2%2Fpost_folder&post=203"}],"curies":[{"name":"wp","href":"https:\/\/api.w.org\/{rel}","templated":true}]}}